{"id":981,"date":"2020-07-16T20:48:35","date_gmt":"2020-07-16T18:48:35","guid":{"rendered":"https:\/\/editionsdespetitspas.com\/?p=981"},"modified":"2024-05-07T10:39:44","modified_gmt":"2024-05-07T08:39:44","slug":"steiner-ief","status":"publish","type":"post","link":"https:\/\/editionsdespetitspas.com\/index.php\/2020\/07\/16\/steiner-ief\/","title":{"rendered":"La p\u00e9dagogie Steiner Waldorf \u00e0 la maison (#17)"},"content":{"rendered":"<p>Mes lecteurs et auditeurs, vous \u00eates patients, et m\u00eame plus que cela, mais nous revoici! Avec la charmante et passionnante Monique Tedeschi, qui nous raconte son cheminement dans la p\u00e9dagogie Steiner Waldorf, qu&rsquo;elle pratique \u00e0 la maison avec ses jumelles depuis de nombreuses ann\u00e9es. <\/p><p>Pour nous \u00e9couter, c&rsquo;est ici!<\/p><iframe loading=\"lazy\" src=\"https:\/\/podcasters.spotify.com\/pod\/show\/editions-des-petits-pas\/embed\/episodes\/PP-17La-pdagogie-Steiner-Waldorf--la-maison-e2dpnp5\" height=\"102px\" width=\"800px\" frameborder=\"0\" scrolling=\"no\"><\/iframe><h2 class=\"wp-block-heading\">Libert\u00e9 d&rsquo;instruction et libert\u00e9 p\u00e9dagogique<\/h2><p>Rappelons tout d\u2019abord qu\u2019en France jusqu&rsquo;en 2021, l\u2019instruction \u00e9tait obligatoire, mais pas l\u2019\u00e9cole\u00a0: les parents b\u00e9n\u00e9ficiaient de la libert\u00e9 d\u2019enseignement, leur permettant de choisir le type d\u2019enseignement dispens\u00e9 \u00e0 leurs enfants. L\u2019instruction en famille (IEF) \u00e9tait une des options possibles dans ce cadre.\u00a0Depuis 2021, l&rsquo;IEF n&rsquo;est possible que sur obtention d&rsquo;une autorisation d\u00e9livr\u00e9e par l&rsquo;Etat.<\/p><figure class=\"wp-block-image aligncenter size-large is-resized\"><img loading=\"lazy\" decoding=\"async\" src=\"https:\/\/editionsdespetitspas.com\/wp-content\/uploads\/2024\/05\/EDPP_SWhome-683x1024.png\" alt=\"\" class=\"wp-image-20533\" width=\"295\" height=\"442\" srcset=\"https:\/\/editionsdespetitspas.com\/wp-content\/uploads\/2024\/05\/EDPP_SWhome-683x1024.png 683w, https:\/\/editionsdespetitspas.com\/wp-content\/uploads\/2024\/05\/EDPP_SWhome-200x300.png 200w, https:\/\/editionsdespetitspas.com\/wp-content\/uploads\/2024\/05\/EDPP_SWhome-768x1152.png 768w, https:\/\/editionsdespetitspas.com\/wp-content\/uploads\/2024\/05\/EDPP_SWhome-484x726.png 484w, https:\/\/editionsdespetitspas.com\/wp-content\/uploads\/2024\/05\/EDPP_SWhome.png 1000w\" sizes=\"auto, (max-width: 295px) 100vw, 295px\" \/><\/figure><p>Certaines familles choisissent de s\u2019inspirer des principes de la p\u00e9dagogie Steiner Waldorf pour instruire leurs enfants \u00e0 la maison. C\u2019est le cas de celle de Monique, qui a trouv\u00e9 dans cette approche de nombreux \u00e9l\u00e9ments qui lui ont plu&nbsp;: sobri\u00e9t\u00e9, simplicit\u00e9, relation avec la nature&nbsp;; importance donn\u00e9e \u00e0 la beaut\u00e9 et \u00e0 l\u2019art&nbsp;;&nbsp;et surtout grand respect de l\u2019enfant.&nbsp;<\/p><h2 class=\"wp-block-heading\">Steiner \u00e0 la maison: entre rythme, simplicit\u00e9 et po\u00e9sie <\/h2><p>La p\u00e9dagogie Steiner a permis \u00e0 Monique de conjuguer plusieurs th\u00e8mes qui lui \u00e9taient chers et sur lesquels elle r\u00e9fl\u00e9chissait auparavant de fa\u00e7on isol\u00e9e&nbsp;: impact des technologies sur l\u2019enfant, contact avec la nature, besoin de respecter l\u2019enfance qui, selon elle, est mise en danger par notre rythme de vie. La p\u00e9dagogie Steiner int\u00e8gre dans l\u2019enfance de l\u2019art, du travail manuel, des rythmes naturels. Elle donne une structure, une ossature, autour de laquelle on peut aborder la vie, la vie de famille, l\u2019enseignement\u2026<\/p><figure class=\"wp-block-image alignright size-medium\"><img loading=\"lazy\" decoding=\"async\" width=\"300\" height=\"200\" src=\"https:\/\/editionsdespetitspas.com\/wp-content\/uploads\/2020\/07\/7707DACA-D5D0-4A26-9709-2DDE8C8DCF46-300x200.jpeg\" alt=\"Table de saison: hiver, No\u00ebl. Les rythmes, saisons, f\u00eates et festivals sont centraux dans la p\u00e9dagogie Steiner Waldorf.\" class=\"wp-image-6744\" srcset=\"https:\/\/editionsdespetitspas.com\/wp-content\/uploads\/2020\/07\/7707DACA-D5D0-4A26-9709-2DDE8C8DCF46-300x200.jpeg 300w, https:\/\/editionsdespetitspas.com\/wp-content\/uploads\/2020\/07\/7707DACA-D5D0-4A26-9709-2DDE8C8DCF46-484x323.jpeg 484w, https:\/\/editionsdespetitspas.com\/wp-content\/uploads\/2020\/07\/7707DACA-D5D0-4A26-9709-2DDE8C8DCF46-1024x683.jpeg 1024w, https:\/\/editionsdespetitspas.com\/wp-content\/uploads\/2020\/07\/7707DACA-D5D0-4A26-9709-2DDE8C8DCF46-768x512.jpeg 768w, https:\/\/editionsdespetitspas.com\/wp-content\/uploads\/2020\/07\/7707DACA-D5D0-4A26-9709-2DDE8C8DCF46-1536x1024.jpeg 1536w, https:\/\/editionsdespetitspas.com\/wp-content\/uploads\/2020\/07\/7707DACA-D5D0-4A26-9709-2DDE8C8DCF46-2048x1365.jpeg 2048w, https:\/\/editionsdespetitspas.com\/wp-content\/uploads\/2020\/07\/7707DACA-D5D0-4A26-9709-2DDE8C8DCF46-1320x880.jpeg 1320w\" sizes=\"auto, (max-width: 300px) 100vw, 300px\" \/><\/figure><p>Il s\u2019agit d\u2019une p\u00e9dagogie riche et complexe, et il serait dommage de la r\u00e9duire \u00e0 une liste de choses \u00e0 faire. Chaque famille peut choisir son degr\u00e9 d\u2019implication, et il y a des \u00e9l\u00e9ments qu\u2019on peut int\u00e9grer de fa\u00e7on simple&nbsp;: laisser place au jeu libre avec peu de jouets&nbsp;; aller beaucoup dehors&nbsp;; introduire l\u2019art par la peinture, le dessin, le chant, la po\u00e9sie&nbsp;; favoriser le beau&nbsp;; lire et conter&nbsp;; \u00e9tablir un rythme quotidien, hebdomadaire, saisonnier, annuel&nbsp;; favoriser le travail manuel. Ce sont d\u2019ailleurs des pratiques des choses s\u2019adaptend aussi tr\u00e8s bien aux familles qui ne font pas l\u2019IEF&nbsp;: cela fera autant de bien aux parents qu\u2019aux enfants.&nbsp;<\/p><h2 class=\"wp-block-heading\">Entre parent et enfant: posture et attentes<\/h2><figure class=\"wp-block-image alignleft size-medium\"><img loading=\"lazy\" decoding=\"async\" width=\"200\" height=\"300\" src=\"https:\/\/editionsdespetitspas.com\/wp-content\/uploads\/2019\/02\/IMG_1667-200x300.jpg\" alt=\"Accompagner dans la d\u00e9couverte du monde, avec patience, bienveillance et bon sens.\" class=\"wp-image-326\" srcset=\"https:\/\/editionsdespetitspas.com\/wp-content\/uploads\/2019\/02\/IMG_1667-200x300.jpg 200w, https:\/\/editionsdespetitspas.com\/wp-content\/uploads\/2019\/02\/IMG_1667-484x726.jpg 484w, https:\/\/editionsdespetitspas.com\/wp-content\/uploads\/2019\/02\/IMG_1667-768x1152.jpg 768w, https:\/\/editionsdespetitspas.com\/wp-content\/uploads\/2019\/02\/IMG_1667-683x1024.jpg 683w, https:\/\/editionsdespetitspas.com\/wp-content\/uploads\/2019\/02\/IMG_1667-1320x1980.jpg 1320w, https:\/\/editionsdespetitspas.com\/wp-content\/uploads\/2019\/02\/IMG_1667.jpg 1536w\" sizes=\"auto, (max-width: 200px) 100vw, 200px\" \/><\/figure><p>Dans les familles en IEF, la posture du parent instructeur est essentielle. Chez Steiner, elle est fond\u00e9e sur la bienveillance, le respect du rythme des enfants et le dialogue entre tous les membres de la famille&nbsp;; cela exige \u00e9norm\u00e9ment de travail int\u00e9rieur. Steiner insiste aussi sur la connaissance intime du d\u00e9veloppement de l\u2019enfant (une d\u00e9marche qui rejoint aujourd\u2019hui celle des neurosciences)&nbsp;: on ne peut pas demander \u00e0 un enfant des choses qui vont au-del\u00e0 du d\u00e9veloppement de son cerveau. Ainsi, en p\u00e9dagogie Steiner on n\u2019introduit pas n\u2019importe quelle mati\u00e8re \u00e0 n\u2019importe quel \u00e2ge&nbsp;: on attend que ce soit le bon moment pour l\u2019enfant et que cela fasse \u00e9cho \u00e0 des exp\u00e9riences ant\u00e9rieures.&nbsp;<\/p><p>Chez Steiner, le d\u00e9veloppement de l\u2019enfant se d\u00e9roule par septaines (0-7 ans, 7-14 ans, 14-21 ans)&nbsp;; conna\u00eetre les caract\u00e9ristiques de ces \u00e9tapes permet d\u2019assurer la discipline et d\u2019organiser les journ\u00e9es. Ainsi, durant la premi\u00e8re septaine, les enfants sont naturellement dans l\u2019imitation. Si l\u2019adulte r\u00e9f\u00e9rent vit dans la paix et la joie, l\u2019enfant naturellement va plut\u00f4t suivre cet exemple. Si l\u2019attitude d\u2019un enfant pose probl\u00e8me, on essaie de canaliser son \u00e9nergie, on lui prend la main pour lui montrer quelque chose ou lui proposer un travail manuel, mais il n\u2019y a pas de moralisation. L\u2019adoption d\u2019un rythme, principe fondamental de la p\u00e9dagogie Steiner, aide \u00e9norm\u00e9ment tant les enfants que les adultes. Le rythme est quotidien (dans quel ordre se d\u00e9roule la journ\u00e9e), hebdomadaire (quelle activit\u00e9 est organis\u00e9e chaque jour&nbsp;; ainsi le lundi peut \u00eatre jour peinture, le mardi jour pain, etc\u2026), saisonnier et annuel (avec l\u2019organisation des diff\u00e9rents festivals et f\u00eates).<\/p><h2 class=\"wp-block-heading\">Est-il possible de choisir Steiner \u00e0 la maison?<\/h2><p>L\u2019environnement dans les \u00e9coles Steiner est tr\u00e8s particulier, avec une imagerie unique, des gammes de coloris bien sp\u00e9cifiques, et des objets pens\u00e9s sp\u00e9cifiquement (mati\u00e8res naturelles, jouets tr\u00e8s ouverts, coins ronds\u2026). Il est difficile de reproduire ceci \u00e0 la maison&nbsp;! Pour Monique, il y a des choses essentielles&nbsp;: un coin jeu libre et un coin art et artisanat, un ou deux rayonnages de livres de saison, quelques paniers avec des \u00e9l\u00e9ments de la nature. Pour le reste, on peut acheter d\u2019occasion, faire soi-m\u00eame (tricoter ou coudre des animaux par exemple). Le but n\u2019est pas de poss\u00e9der beaucoup de choses ni d\u2019\u00eatre une vitrine, mais de jouer&nbsp;et de s\u2019ouvrir \u00e0 l\u2019art&nbsp;!<\/p><figure class=\"wp-block-image alignright size-medium\"><img loading=\"lazy\" decoding=\"async\" width=\"300\" height=\"200\" src=\"https:\/\/editionsdespetitspas.com\/wp-content\/uploads\/2019\/09\/IMG_3659-300x200.jpg\" alt=\"La nature, premier outil p\u00e9dagogique chez Steiner... comme chez beaucoup d'autres p\u00e9dagogues!\" class=\"wp-image-557\" srcset=\"https:\/\/editionsdespetitspas.com\/wp-content\/uploads\/2019\/09\/IMG_3659-300x200.jpg 300w, https:\/\/editionsdespetitspas.com\/wp-content\/uploads\/2019\/09\/IMG_3659-484x323.jpg 484w, https:\/\/editionsdespetitspas.com\/wp-content\/uploads\/2019\/09\/IMG_3659-768x512.jpg 768w, https:\/\/editionsdespetitspas.com\/wp-content\/uploads\/2019\/09\/IMG_3659-1024x683.jpg 1024w, https:\/\/editionsdespetitspas.com\/wp-content\/uploads\/2019\/09\/IMG_3659-1320x880.jpg 1320w\" sizes=\"auto, (max-width: 300px) 100vw, 300px\" \/><\/figure><p>Le besoin du groupe peut se faire ressentir dans la construction du caract\u00e8re, cependant les familles en IEF ne sont pas n\u00e9cessairement isol\u00e9es. Ainsi, de plus en plus de familles reproduisent l\u2019id\u00e9e am\u00e9ricaine des \u00ab&nbsp;coop&nbsp;\u00bb et se r\u00e9unissent pour organiser les festivals, fabriquer des d\u00e9corations, apprendre ensemble\u2026 cela peut \u00e9ventuellement (mais pas obligatoirement) se faire autour d\u2019une \u00e9cole Steiner.<\/p><p>Les familles en IEF sont contr\u00f4l\u00e9es une fois tous les deux ans par la mairie de leur domicile, pour v\u00e9rifier les conditions de vie de l\u2019enfant, et une fois par an par l\u2019inspection acad\u00e9mique, qui s\u2019assure que l\u2019enfant re\u00e7oit une instruction. Or il existe une progression tr\u00e8s bien organis\u00e9e dans la p\u00e9dagogie Steiner, qui pla\u00eet g\u00e9n\u00e9ralement aux inspecteurs&nbsp;: il est rassurant de voir que les parents sont organis\u00e9s, qu\u2019il existe une progression, et que les parents prennent le temps d\u2019expliquer la p\u00e9dagogie adopt\u00e9e et ses diff\u00e9rents aspects. Ouverture, dialogue et pr\u00e9paration sont essentiels.<\/p><h2 class=\"wp-block-heading\">Ressources<\/h2><p>Voici les liens vers les&nbsp;&nbsp;ressources cit\u00e9es par Monique durant l\u2019\u00e9pisode.<\/p><ul class=\"wp-block-list\"><li><a href=\"http:\/\/ief-waldorfsteiner.forumdediscussions.com\">Le Forum Steiner<\/a>&nbsp;<\/li><\/ul><p>Il existe plusieurs groupes Facebook Steiner en fran\u00e7ais&nbsp;:&nbsp;<\/p><ul class=\"wp-block-list\"><li><a href=\"https:\/\/www.facebook.com\/groups\/366364776898626\/\">P\u00e9dagogie Waldorf-Steiner \u00e0 la maison&nbsp;<\/a><\/li>\n\n<li><a href=\"https:\/\/www.facebook.com\/groups\/RythmeTerreetSaisonsaveclaPedagogieSteinerWaldorf\/\">Au rythme de la terre et des saisons avec la p\u00e9dagogie Steiner-Waldorf&nbsp;<\/a><\/li>\n\n<li><a href=\"https:\/\/www.facebook.com\/groups\/Pedagogiewaldorfsteineraveclesgrands\/\">La p\u00e9dagogie Steiner avec de grands enfants&nbsp;<\/a><\/li>\n\n<li><a href=\"https:\/\/www.facebook.com\/groups\/PedagogieSteinerWaldorfpourlesFrancophones\/\">P\u00e9dagogie Steiner-Waldorf pour les francophones&nbsp;<\/a><\/li><\/ul><p>Les blogs de maman&nbsp;:<\/p><ul class=\"wp-block-list\"><li><a href=\"https:\/\/www.chantdesfees.fr\">Chant des F\u00e9es<\/a><\/li>\n\n<li><a href=\"https:\/\/journaldeschamps.fr\/\">Le journal des champs&nbsp;<\/a><\/li>\n\n<li><a href=\"https:\/\/papillonsetlibellules.wordpress.com\/\">Libellules et papillons&nbsp;<\/a><\/li>\n\n<li><a href=\"https:\/\/laciedesloulousbis.blogspot.com\/\">le blog de Katia&nbsp;<\/a><\/li><\/ul><p>Les sites marchands :&nbsp;<\/p><ul class=\"wp-block-list\"><li><a href=\"https:\/\/www.mercuriusfrance.fr\/\">Mercurius France&nbsp;<\/a><\/li>\n\n<li><a href=\"https:\/\/momes-ecompagnie.com\/\">M\u00f4mes et Cie&nbsp;<\/a><\/li>\n\n<li><a href=\"https:\/\/www.marotte-cie.com\/\">Marottes et Cie&nbsp;<\/a><\/li>\n\n<li>mais aussi les sites de mamans qui sont passionn\u00e9es et s\u2019impliquent dans des d\u00e9marches \u00e9co-responsables et Waldorf&nbsp;: <a href=\"https:\/\/souffle-de-laine.eproshopping.fr\/\">Souffle de Laine<\/a>, <a href=\"https:\/\/www.feerilaine.com\/\">F\u00e9erilaine<\/a>, <a href=\"https:\/\/mainsdelaine.fr\/\">Mains de Laine<\/a>&nbsp;<\/li><\/ul><p><em>Monique Tedeschi est auteure et maman de jumelles de 16 ans instruites en famille. Apr\u00e8s de longues \u00e9tudes \u2013 DEA de droit, th\u00e8se en sciences politiques &#8211; elle choisit l\u2019IEF \u00e0 la suite d&rsquo;une maladie qui lui fait se demander quel est le sens de la vie. Elle n\u2019a pas suivi de formation Steiner officielle, mais a utilis\u00e9 sa formation de chercheuse pour mener sa formation. Auteure des ouvrages <a href=\"https:\/\/www.laplage.fr\/catalogue\/la-pedagogie-steiner-waldorf-a-la-maison-monique-tedeschi\/\">La p\u00e9dagogie Steiner Waldorf \u00e0 la maison<\/a>, <a href=\"http:\/\/(https:\/\/www.cultura.com\/petit-cahier-steiner-9782842217044.html?LGWCODE=9782842217044;131063;3487&amp;gclid=EAIaIQobChMI2enL59yJ5gIVDVPTCh27KA8LEAQYASABEgJdBPD_BwE\">Mon cahier d\u2019activit\u00e9s Steiner Automne-Hiver<\/a> , <a href=\"https:\/\/www.laplage.fr\/catalogue\/mon-cahier-d-activites-steiner-ete\/\">Mon cahier d&rsquo;activit\u00e9s Steiner \u00c9t\u00e9<\/a> (aux Editions La Plage) et du blog <a href=\"https:\/\/www.chantdesfees.fr\">Chant des F\u00e9es<\/a>.<\/em><\/p>","protected":false},"excerpt":{"rendered":"<p>Mes lecteurs et auditeurs, vous \u00eates patients, et m\u00eame plus que cela, mais nous revoici! Avec la charmante et passionnante Monique Tedeschi, qui nous raconte son cheminement dans la p\u00e9dagogie Steiner Waldorf, qu&rsquo;elle pratique \u00e0 la maison avec ses jumelles depuis de nombreuses ann\u00e9es. Pour nous \u00e9couter, c&rsquo;est ici! Libert\u00e9 d&rsquo;instruction et libert\u00e9 p\u00e9dagogique Rappelons [&hellip;]<\/p>\n","protected":false},"author":2,"featured_media":6749,"comment_status":"open","ping_status":"open","sticky":false,"template":"","format":"standard","meta":{"site-sidebar-layout":"default","site-content-layout":"","ast-site-content-layout":"","site-content-style":"default","site-sidebar-style":"default","ast-global-header-display":"","ast-banner-title-visibility":"","ast-main-header-display":"","ast-hfb-above-header-display":"","ast-hfb-below-header-display":"","ast-hfb-mobile-header-display":"","site-post-title":"","ast-breadcrumbs-content":"","ast-featured-img":"","footer-sml-layout":"","theme-transparent-header-meta":"","adv-header-id-meta":"","stick-header-meta":"","header-above-stick-meta":"","header-main-stick-meta":"","header-below-stick-meta":"","astra-migrate-meta-layouts":"default","ast-page-background-enabled":"default","ast-page-background-meta":{"desktop":{"background-color":"var(--ast-global-color-4)","background-image":"","background-repeat":"repeat","background-position":"center center","background-size":"auto","background-attachment":"scroll","background-type":"","background-media":"","overlay-type":"","overlay-color":"","overlay-opacity":"","overlay-gradient":""},"tablet":{"background-color":"","background-image":"","background-repeat":"repeat","background-position":"center center","background-size":"auto","background-attachment":"scroll","background-type":"","background-media":"","overlay-type":"","overlay-color":"","overlay-opacity":"","overlay-gradient":""},"mobile":{"background-color":"","background-image":"","background-repeat":"repeat","background-position":"center center","background-size":"auto","background-attachment":"scroll","background-type":"","background-media":"","overlay-type":"","overlay-color":"","overlay-opacity":"","overlay-gradient":""}},"ast-content-background-meta":{"desktop":{"background-color":"var(--ast-global-color-5)","background-image":"","background-repeat":"repeat","background-position":"center center","background-size":"auto","background-attachment":"scroll","background-type":"","background-media":"","overlay-type":"","overlay-color":"","overlay-opacity":"","overlay-gradient":""},"tablet":{"background-color":"var(--ast-global-color-5)","background-image":"","background-repeat":"repeat","background-position":"center center","background-size":"auto","background-attachment":"scroll","background-type":"","background-media":"","overlay-type":"","overlay-color":"","overlay-opacity":"","overlay-gradient":""},"mobile":{"background-color":"var(--ast-global-color-5)","background-image":"","background-repeat":"repeat","background-position":"center center","background-size":"auto","background-attachment":"scroll","background-type":"","background-media":"","overlay-type":"","overlay-color":"","overlay-opacity":"","overlay-gradient":""}},"_jetpack_memberships_contains_paid_content":false,"footnotes":""},"categories":[62,59,3,64],"tags":[113,125,210,187,55,183,27,124,111,209],"class_list":["post-981","post","type-post","status-publish","format-standard","has-post-thumbnail","hentry","category-ief","category-pedagogie-par-la-nature","category-podcast","category-steiner","tag-art","tag-artisanat","tag-coeducation","tag-educateurs","tag-enfance","tag-ief","tag-instructionenfamille","tag-jeu-libre","tag-steiner","tag-steinerwaldorf"],"yoast_head":"<!-- This site is optimized with the Yoast SEO plugin v24.3 - https:\/\/yoast.com\/wordpress\/plugins\/seo\/ -->\n<title>La p\u00e9dagogie Steiner Waldorf \u00e0 la maison (#17) - Editions des Petits Pas<\/title>\n<meta name=\"description\" content=\"Dans cet \u00e9pisode nous d\u00e9couvrons avec Monique comment adopter la p\u00e9dagogie Steiner Waldorf \u00e0 la maison, en IEF ou co-\u00e9ducation.\" \/>\n<meta name=\"robots\" content=\"index, follow, max-snippet:-1, max-image-preview:large, max-video-preview:-1\" \/>\n<link rel=\"canonical\" href=\"https:\/\/editionsdespetitspas.com\/index.php\/2020\/07\/16\/steiner-ief\/\" \/>\n<meta property=\"og:locale\" content=\"fr_FR\" \/>\n<meta property=\"og:type\" content=\"article\" \/>\n<meta property=\"og:title\" content=\"La p\u00e9dagogie Steiner Waldorf \u00e0 la maison (#17) - Editions des Petits Pas\" \/>\n<meta property=\"og:description\" content=\"Dans cet \u00e9pisode nous d\u00e9couvrons avec Monique comment adopter la p\u00e9dagogie Steiner Waldorf \u00e0 la maison, en IEF ou co-\u00e9ducation.\" \/>\n<meta property=\"og:url\" content=\"https:\/\/editionsdespetitspas.com\/index.php\/2020\/07\/16\/steiner-ief\/\" \/>\n<meta property=\"og:site_name\" content=\"Editions des Petits Pas\" \/>\n<meta property=\"article:publisher\" content=\"https:\/\/www.facebook.com\/editionsdespetitspas\" \/>\n<meta property=\"article:published_time\" content=\"2020-07-16T18:48:35+00:00\" \/>\n<meta property=\"article:modified_time\" content=\"2024-05-07T08:39:44+00:00\" \/>\n<meta property=\"og:image\" content=\"https:\/\/editionsdespetitspas.com\/wp-content\/uploads\/2020\/07\/D449CA39-BBA7-468C-BF89-7B0B4FDD13A4.jpeg\" \/>\n\t<meta property=\"og:image:width\" content=\"1536\" \/>\n\t<meta property=\"og:image:height\" content=\"2304\" \/>\n\t<meta property=\"og:image:type\" content=\"image\/jpeg\" \/>\n<meta name=\"author\" content=\"Editions des Petits Pas\" \/>\n<meta name=\"twitter:card\" content=\"summary_large_image\" \/>\n<meta name=\"twitter:label1\" content=\"\u00c9crit par\" \/>\n\t<meta name=\"twitter:data1\" content=\"Editions des Petits Pas\" \/>\n\t<meta name=\"twitter:label2\" content=\"Dur\u00e9e de lecture estim\u00e9e\" \/>\n\t<meta name=\"twitter:data2\" content=\"7 minutes\" \/>\n<script type=\"application\/ld+json\" class=\"yoast-schema-graph\">{\"@context\":\"https:\/\/schema.org\",\"@graph\":[{\"@type\":\"Article\",\"@id\":\"https:\/\/editionsdespetitspas.com\/index.php\/2020\/07\/16\/steiner-ief\/#article\",\"isPartOf\":{\"@id\":\"https:\/\/editionsdespetitspas.com\/index.php\/2020\/07\/16\/steiner-ief\/\"},\"author\":{\"name\":\"Editions des Petits Pas\",\"@id\":\"https:\/\/editionsdespetitspas.com\/#\/schema\/person\/cf4be95810b57d30319fc820e05542de\"},\"headline\":\"La p\u00e9dagogie Steiner Waldorf \u00e0 la maison (#17)\",\"datePublished\":\"2020-07-16T18:48:35+00:00\",\"dateModified\":\"2024-05-07T08:39:44+00:00\",\"mainEntityOfPage\":{\"@id\":\"https:\/\/editionsdespetitspas.com\/index.php\/2020\/07\/16\/steiner-ief\/\"},\"wordCount\":1305,\"commentCount\":0,\"publisher\":{\"@id\":\"https:\/\/editionsdespetitspas.com\/#organization\"},\"image\":{\"@id\":\"https:\/\/editionsdespetitspas.com\/index.php\/2020\/07\/16\/steiner-ief\/#primaryimage\"},\"thumbnailUrl\":\"https:\/\/editionsdespetitspas.com\/wp-content\/uploads\/2020\/07\/D449CA39-BBA7-468C-BF89-7B0B4FDD13A4.jpeg\",\"keywords\":[\"art\",\"artisanat\",\"co\u00e9ducation\",\"educateurs\",\"enfance\",\"ief\",\"instructionenfamille\",\"jeu libre\",\"Steiner\",\"steinerwaldorf\"],\"articleSection\":[\"Instruction en famille\",\"P\u00e9dagogie par la nature\",\"Podcast des Petits Pas\",\"Waldorf Steiner\"],\"inLanguage\":\"fr-FR\",\"potentialAction\":[{\"@type\":\"CommentAction\",\"name\":\"Comment\",\"target\":[\"https:\/\/editionsdespetitspas.com\/index.php\/2020\/07\/16\/steiner-ief\/#respond\"]}]},{\"@type\":\"WebPage\",\"@id\":\"https:\/\/editionsdespetitspas.com\/index.php\/2020\/07\/16\/steiner-ief\/\",\"url\":\"https:\/\/editionsdespetitspas.com\/index.php\/2020\/07\/16\/steiner-ief\/\",\"name\":\"La p\u00e9dagogie Steiner Waldorf \u00e0 la maison (#17) - Editions des Petits Pas\",\"isPartOf\":{\"@id\":\"https:\/\/editionsdespetitspas.com\/#website\"},\"primaryImageOfPage\":{\"@id\":\"https:\/\/editionsdespetitspas.com\/index.php\/2020\/07\/16\/steiner-ief\/#primaryimage\"},\"image\":{\"@id\":\"https:\/\/editionsdespetitspas.com\/index.php\/2020\/07\/16\/steiner-ief\/#primaryimage\"},\"thumbnailUrl\":\"https:\/\/editionsdespetitspas.com\/wp-content\/uploads\/2020\/07\/D449CA39-BBA7-468C-BF89-7B0B4FDD13A4.jpeg\",\"datePublished\":\"2020-07-16T18:48:35+00:00\",\"dateModified\":\"2024-05-07T08:39:44+00:00\",\"description\":\"Dans cet \u00e9pisode nous d\u00e9couvrons avec Monique comment adopter la p\u00e9dagogie Steiner Waldorf \u00e0 la maison, en IEF ou co-\u00e9ducation.\",\"breadcrumb\":{\"@id\":\"https:\/\/editionsdespetitspas.com\/index.php\/2020\/07\/16\/steiner-ief\/#breadcrumb\"},\"inLanguage\":\"fr-FR\",\"potentialAction\":[{\"@type\":\"ReadAction\",\"target\":[\"https:\/\/editionsdespetitspas.com\/index.php\/2020\/07\/16\/steiner-ief\/\"]}]},{\"@type\":\"ImageObject\",\"inLanguage\":\"fr-FR\",\"@id\":\"https:\/\/editionsdespetitspas.com\/index.php\/2020\/07\/16\/steiner-ief\/#primaryimage\",\"url\":\"https:\/\/editionsdespetitspas.com\/wp-content\/uploads\/2020\/07\/D449CA39-BBA7-468C-BF89-7B0B4FDD13A4.jpeg\",\"contentUrl\":\"https:\/\/editionsdespetitspas.com\/wp-content\/uploads\/2020\/07\/D449CA39-BBA7-468C-BF89-7B0B4FDD13A4.jpeg\",\"width\":1536,\"height\":2304},{\"@type\":\"BreadcrumbList\",\"@id\":\"https:\/\/editionsdespetitspas.com\/index.php\/2020\/07\/16\/steiner-ief\/#breadcrumb\",\"itemListElement\":[{\"@type\":\"ListItem\",\"position\":1,\"name\":\"Accueil\",\"item\":\"https:\/\/editionsdespetitspas.com\/\"},{\"@type\":\"ListItem\",\"position\":2,\"name\":\"La p\u00e9dagogie Steiner Waldorf \u00e0 la maison (#17)\"}]},{\"@type\":\"WebSite\",\"@id\":\"https:\/\/editionsdespetitspas.com\/#website\",\"url\":\"https:\/\/editionsdespetitspas.com\/\",\"name\":\"Editions des Petits Pas\",\"description\":\"Les p\u00e9dagogies... toutes les p\u00e9dagogies\",\"publisher\":{\"@id\":\"https:\/\/editionsdespetitspas.com\/#organization\"},\"potentialAction\":[{\"@type\":\"SearchAction\",\"target\":{\"@type\":\"EntryPoint\",\"urlTemplate\":\"https:\/\/editionsdespetitspas.com\/?s={search_term_string}\"},\"query-input\":{\"@type\":\"PropertyValueSpecification\",\"valueRequired\":true,\"valueName\":\"search_term_string\"}}],\"inLanguage\":\"fr-FR\"},{\"@type\":\"Organization\",\"@id\":\"https:\/\/editionsdespetitspas.com\/#organization\",\"name\":\"Editions des petits pas\",\"url\":\"https:\/\/editionsdespetitspas.com\/\",\"logo\":{\"@type\":\"ImageObject\",\"inLanguage\":\"fr-FR\",\"@id\":\"https:\/\/editionsdespetitspas.com\/#\/schema\/logo\/image\/\",\"url\":\"https:\/\/editionsdespetitspas.com\/wp-content\/uploads\/2018\/11\/cropped-cropped-cropped-logo_rvb_couleurs_horizontal_edpp-e1544882037341.png\",\"contentUrl\":\"https:\/\/editionsdespetitspas.com\/wp-content\/uploads\/2018\/11\/cropped-cropped-cropped-logo_rvb_couleurs_horizontal_edpp-e1544882037341.png\",\"width\":200,\"height\":109,\"caption\":\"Editions des petits pas\"},\"image\":{\"@id\":\"https:\/\/editionsdespetitspas.com\/#\/schema\/logo\/image\/\"},\"sameAs\":[\"https:\/\/www.facebook.com\/editionsdespetitspas\",\"https:\/\/www.instagram.com\/editions_des_petits_pas\/\"]},{\"@type\":\"Person\",\"@id\":\"https:\/\/editionsdespetitspas.com\/#\/schema\/person\/cf4be95810b57d30319fc820e05542de\",\"name\":\"Editions des Petits Pas\",\"image\":{\"@type\":\"ImageObject\",\"inLanguage\":\"fr-FR\",\"@id\":\"https:\/\/editionsdespetitspas.com\/#\/schema\/person\/image\/\",\"url\":\"https:\/\/secure.gravatar.com\/avatar\/39e80da33a10de08342b30aef904597b?s=96&d=mm&r=g\",\"contentUrl\":\"https:\/\/secure.gravatar.com\/avatar\/39e80da33a10de08342b30aef904597b?s=96&d=mm&r=g\",\"caption\":\"Editions des Petits Pas\"},\"url\":\"https:\/\/editionsdespetitspas.com\/index.php\/author\/editionsdespetitspas\/\"}]}<\/script>\n<!-- \/ Yoast SEO plugin. -->","yoast_head_json":{"title":"La p\u00e9dagogie Steiner Waldorf \u00e0 la maison (#17) - Editions des Petits Pas","description":"Dans cet \u00e9pisode nous d\u00e9couvrons avec Monique comment adopter la p\u00e9dagogie Steiner Waldorf \u00e0 la maison, en IEF ou co-\u00e9ducation.","robots":{"index":"index","follow":"follow","max-snippet":"max-snippet:-1","max-image-preview":"max-image-preview:large","max-video-preview":"max-video-preview:-1"},"canonical":"https:\/\/editionsdespetitspas.com\/index.php\/2020\/07\/16\/steiner-ief\/","og_locale":"fr_FR","og_type":"article","og_title":"La p\u00e9dagogie Steiner Waldorf \u00e0 la maison (#17) - Editions des Petits Pas","og_description":"Dans cet \u00e9pisode nous d\u00e9couvrons avec Monique comment adopter la p\u00e9dagogie Steiner Waldorf \u00e0 la maison, en IEF ou co-\u00e9ducation.","og_url":"https:\/\/editionsdespetitspas.com\/index.php\/2020\/07\/16\/steiner-ief\/","og_site_name":"Editions des Petits Pas","article_publisher":"https:\/\/www.facebook.com\/editionsdespetitspas","article_published_time":"2020-07-16T18:48:35+00:00","article_modified_time":"2024-05-07T08:39:44+00:00","og_image":[{"width":1536,"height":2304,"url":"https:\/\/editionsdespetitspas.com\/wp-content\/uploads\/2020\/07\/D449CA39-BBA7-468C-BF89-7B0B4FDD13A4.jpeg","type":"image\/jpeg"}],"author":"Editions des Petits Pas","twitter_card":"summary_large_image","twitter_misc":{"\u00c9crit par":"Editions des Petits Pas","Dur\u00e9e de lecture estim\u00e9e":"7 minutes"},"schema":{"@context":"https:\/\/schema.org","@graph":[{"@type":"Article","@id":"https:\/\/editionsdespetitspas.com\/index.php\/2020\/07\/16\/steiner-ief\/#article","isPartOf":{"@id":"https:\/\/editionsdespetitspas.com\/index.php\/2020\/07\/16\/steiner-ief\/"},"author":{"name":"Editions des Petits Pas","@id":"https:\/\/editionsdespetitspas.com\/#\/schema\/person\/cf4be95810b57d30319fc820e05542de"},"headline":"La p\u00e9dagogie Steiner Waldorf \u00e0 la maison (#17)","datePublished":"2020-07-16T18:48:35+00:00","dateModified":"2024-05-07T08:39:44+00:00","mainEntityOfPage":{"@id":"https:\/\/editionsdespetitspas.com\/index.php\/2020\/07\/16\/steiner-ief\/"},"wordCount":1305,"commentCount":0,"publisher":{"@id":"https:\/\/editionsdespetitspas.com\/#organization"},"image":{"@id":"https:\/\/editionsdespetitspas.com\/index.php\/2020\/07\/16\/steiner-ief\/#primaryimage"},"thumbnailUrl":"https:\/\/editionsdespetitspas.com\/wp-content\/uploads\/2020\/07\/D449CA39-BBA7-468C-BF89-7B0B4FDD13A4.jpeg","keywords":["art","artisanat","co\u00e9ducation","educateurs","enfance","ief","instructionenfamille","jeu libre","Steiner","steinerwaldorf"],"articleSection":["Instruction en famille","P\u00e9dagogie par la nature","Podcast des Petits Pas","Waldorf Steiner"],"inLanguage":"fr-FR","potentialAction":[{"@type":"CommentAction","name":"Comment","target":["https:\/\/editionsdespetitspas.com\/index.php\/2020\/07\/16\/steiner-ief\/#respond"]}]},{"@type":"WebPage","@id":"https:\/\/editionsdespetitspas.com\/index.php\/2020\/07\/16\/steiner-ief\/","url":"https:\/\/editionsdespetitspas.com\/index.php\/2020\/07\/16\/steiner-ief\/","name":"La p\u00e9dagogie Steiner Waldorf \u00e0 la maison (#17) - Editions des Petits Pas","isPartOf":{"@id":"https:\/\/editionsdespetitspas.com\/#website"},"primaryImageOfPage":{"@id":"https:\/\/editionsdespetitspas.com\/index.php\/2020\/07\/16\/steiner-ief\/#primaryimage"},"image":{"@id":"https:\/\/editionsdespetitspas.com\/index.php\/2020\/07\/16\/steiner-ief\/#primaryimage"},"thumbnailUrl":"https:\/\/editionsdespetitspas.com\/wp-content\/uploads\/2020\/07\/D449CA39-BBA7-468C-BF89-7B0B4FDD13A4.jpeg","datePublished":"2020-07-16T18:48:35+00:00","dateModified":"2024-05-07T08:39:44+00:00","description":"Dans cet \u00e9pisode nous d\u00e9couvrons avec Monique comment adopter la p\u00e9dagogie Steiner Waldorf \u00e0 la maison, en IEF ou co-\u00e9ducation.","breadcrumb":{"@id":"https:\/\/editionsdespetitspas.com\/index.php\/2020\/07\/16\/steiner-ief\/#breadcrumb"},"inLanguage":"fr-FR","potentialAction":[{"@type":"ReadAction","target":["https:\/\/editionsdespetitspas.com\/index.php\/2020\/07\/16\/steiner-ief\/"]}]},{"@type":"ImageObject","inLanguage":"fr-FR","@id":"https:\/\/editionsdespetitspas.com\/index.php\/2020\/07\/16\/steiner-ief\/#primaryimage","url":"https:\/\/editionsdespetitspas.com\/wp-content\/uploads\/2020\/07\/D449CA39-BBA7-468C-BF89-7B0B4FDD13A4.jpeg","contentUrl":"https:\/\/editionsdespetitspas.com\/wp-content\/uploads\/2020\/07\/D449CA39-BBA7-468C-BF89-7B0B4FDD13A4.jpeg","width":1536,"height":2304},{"@type":"BreadcrumbList","@id":"https:\/\/editionsdespetitspas.com\/index.php\/2020\/07\/16\/steiner-ief\/#breadcrumb","itemListElement":[{"@type":"ListItem","position":1,"name":"Accueil","item":"https:\/\/editionsdespetitspas.com\/"},{"@type":"ListItem","position":2,"name":"La p\u00e9dagogie Steiner Waldorf \u00e0 la maison (#17)"}]},{"@type":"WebSite","@id":"https:\/\/editionsdespetitspas.com\/#website","url":"https:\/\/editionsdespetitspas.com\/","name":"Editions des Petits Pas","description":"Les p\u00e9dagogies... toutes les p\u00e9dagogies","publisher":{"@id":"https:\/\/editionsdespetitspas.com\/#organization"},"potentialAction":[{"@type":"SearchAction","target":{"@type":"EntryPoint","urlTemplate":"https:\/\/editionsdespetitspas.com\/?s={search_term_string}"},"query-input":{"@type":"PropertyValueSpecification","valueRequired":true,"valueName":"search_term_string"}}],"inLanguage":"fr-FR"},{"@type":"Organization","@id":"https:\/\/editionsdespetitspas.com\/#organization","name":"Editions des petits pas","url":"https:\/\/editionsdespetitspas.com\/","logo":{"@type":"ImageObject","inLanguage":"fr-FR","@id":"https:\/\/editionsdespetitspas.com\/#\/schema\/logo\/image\/","url":"https:\/\/editionsdespetitspas.com\/wp-content\/uploads\/2018\/11\/cropped-cropped-cropped-logo_rvb_couleurs_horizontal_edpp-e1544882037341.png","contentUrl":"https:\/\/editionsdespetitspas.com\/wp-content\/uploads\/2018\/11\/cropped-cropped-cropped-logo_rvb_couleurs_horizontal_edpp-e1544882037341.png","width":200,"height":109,"caption":"Editions des petits pas"},"image":{"@id":"https:\/\/editionsdespetitspas.com\/#\/schema\/logo\/image\/"},"sameAs":["https:\/\/www.facebook.com\/editionsdespetitspas","https:\/\/www.instagram.com\/editions_des_petits_pas\/"]},{"@type":"Person","@id":"https:\/\/editionsdespetitspas.com\/#\/schema\/person\/cf4be95810b57d30319fc820e05542de","name":"Editions des Petits Pas","image":{"@type":"ImageObject","inLanguage":"fr-FR","@id":"https:\/\/editionsdespetitspas.com\/#\/schema\/person\/image\/","url":"https:\/\/secure.gravatar.com\/avatar\/39e80da33a10de08342b30aef904597b?s=96&d=mm&r=g","contentUrl":"https:\/\/secure.gravatar.com\/avatar\/39e80da33a10de08342b30aef904597b?s=96&d=mm&r=g","caption":"Editions des Petits Pas"},"url":"https:\/\/editionsdespetitspas.com\/index.php\/author\/editionsdespetitspas\/"}]}},"jetpack_sharing_enabled":true,"jetpack_featured_media_url":"https:\/\/editionsdespetitspas.com\/wp-content\/uploads\/2020\/07\/D449CA39-BBA7-468C-BF89-7B0B4FDD13A4.jpeg","_links":{"self":[{"href":"https:\/\/editionsdespetitspas.com\/index.php\/wp-json\/wp\/v2\/posts\/981","targetHints":{"allow":["GET"]}}],"collection":[{"href":"https:\/\/editionsdespetitspas.com\/index.php\/wp-json\/wp\/v2\/posts"}],"about":[{"href":"https:\/\/editionsdespetitspas.com\/index.php\/wp-json\/wp\/v2\/types\/post"}],"author":[{"embeddable":true,"href":"https:\/\/editionsdespetitspas.com\/index.php\/wp-json\/wp\/v2\/users\/2"}],"replies":[{"embeddable":true,"href":"https:\/\/editionsdespetitspas.com\/index.php\/wp-json\/wp\/v2\/comments?post=981"}],"version-history":[{"count":13,"href":"https:\/\/editionsdespetitspas.com\/index.php\/wp-json\/wp\/v2\/posts\/981\/revisions"}],"predecessor-version":[{"id":20536,"href":"https:\/\/editionsdespetitspas.com\/index.php\/wp-json\/wp\/v2\/posts\/981\/revisions\/20536"}],"wp:featuredmedia":[{"embeddable":true,"href":"https:\/\/editionsdespetitspas.com\/index.php\/wp-json\/wp\/v2\/media\/6749"}],"wp:attachment":[{"href":"https:\/\/editionsdespetitspas.com\/index.php\/wp-json\/wp\/v2\/media?parent=981"}],"wp:term":[{"taxonomy":"category","embeddable":true,"href":"https:\/\/editionsdespetitspas.com\/index.php\/wp-json\/wp\/v2\/categories?post=981"},{"taxonomy":"post_tag","embeddable":true,"href":"https:\/\/editionsdespetitspas.com\/index.php\/wp-json\/wp\/v2\/tags?post=981"}],"curies":[{"name":"wp","href":"https:\/\/api.w.org\/{rel}","templated":true}]}}