{"id":287,"date":"2019-01-23T13:49:31","date_gmt":"2019-01-23T12:49:31","guid":{"rendered":"http:\/\/editionsdespetitspas.com\/?p=287"},"modified":"2023-12-29T14:39:33","modified_gmt":"2023-12-29T13:39:33","slug":"forest-schools-episode-5","status":"publish","type":"post","link":"https:\/\/editionsdespetitspas.com\/index.php\/2019\/01\/23\/forest-schools-episode-5\/","title":{"rendered":"A l&rsquo;\u00e9cole de la for\u00eat (\u00e9pisode #5)"},"content":{"rendered":"<p>Bonjour chers auditeurs et chers lecteurs&nbsp;!<\/p><p>Le d\u00e9but d\u2019ann\u00e9e a \u00e9t\u00e9 marqu\u00e9 chez nous par des f\u00eates de famille et de tr\u00e8s (trop) nombreux virus, d\u2019o\u00f9 une petite d\u00e9faillance dans le rythme de publication des podcasts\u2026 pour nous faire pardonner et vous remercier de votre patience nous vous offrons cette semaine un \u00e9pisode double. Et quel \u00e9pisode&nbsp;! Julie nous a donn\u00e9 son temps, son exp\u00e9rience et sa chaleur pour nous parler DU sujet qui me passionne en ce moment&nbsp;: <strong>les Forest Schools<\/strong> (je suis un peu monomaniaque de l\u2019\u00e9ducation, mes amis vous le confirmeront\u2026). Pour \u00e9couter nos \u00e9changes (quelque peu enrhum\u00e9s), c\u2019est ici&nbsp;:<\/p><iframe loading=\"lazy\" src=\"https:\/\/podcasters.spotify.com\/pod\/show\/editions-des-petits-pas\/embed\/episodes\/A-lcole-de-la-fort-Petits-Pas-5-e2dpnot\/a-aapo8g0\" height=\"102px\" width=\"800px\" frameborder=\"0\" scrolling=\"no\"><\/iframe><figure class=\"wp-block-image\"><img loading=\"lazy\" decoding=\"async\" width=\"1024\" height=\"683\" src=\"http:\/\/editionsdespetitspas.com\/wp-content\/uploads\/2018\/12\/IMG_1781-1024x683.jpg\" alt=\"Forest School \u00e9pisode 5\" class=\"wp-image-84\" srcset=\"https:\/\/editionsdespetitspas.com\/wp-content\/uploads\/2018\/12\/IMG_1781-1024x683.jpg 1024w, https:\/\/editionsdespetitspas.com\/wp-content\/uploads\/2018\/12\/IMG_1781-484x323.jpg 484w, https:\/\/editionsdespetitspas.com\/wp-content\/uploads\/2018\/12\/IMG_1781-300x200.jpg 300w, https:\/\/editionsdespetitspas.com\/wp-content\/uploads\/2018\/12\/IMG_1781-768x512.jpg 768w\" sizes=\"auto, (max-width: 1024px) 100vw, 1024px\" \/><\/figure><h3 class=\"wp-block-heading\">De quoi avons-nous parl\u00e9&nbsp;?<\/h3><p>Une Forest School (ou \u00e9cole de la for\u00eat) est un lieu d\u2019apprentissage en pleine nature. En France, cela peut prendre deux formes&nbsp;: soit un <strong>jardin d\u2019enfant en nature<\/strong> (sur le mod\u00e8le des <a href=\"https:\/\/de.wikipedia.org\/wiki\/Waldkindergarten\">waldkindergarten en Allemagne<\/a> ou des Forest preschools en Angleterre) &#8211; une \u00e9cole primaire sur ce mod\u00e8le est d\u2019ailleurs en cours de cr\u00e9ation &#8211; , soit un lieu qui propose des <strong>ateliers<\/strong> \u00e0 diff\u00e9rents publics, r\u00e9guli\u00e8rement. C\u2019est le cas de la structure de Julie.<\/p><p>Les premi\u00e8res Forest Schools ont \u00e9t\u00e9 cr\u00e9\u00e9es en Scandinavie dans les ann\u00e9es 1950, lorsque le Danemark, la Finlande et la Su\u00e8de ont revu leur syst\u00e8me \u00e9ducatif. Il s\u2019agissait alors d\u2019\u00e9coles maternelles en for\u00eat, pour les enfants de moins de six ans. En 1995, des \u00e9tudiants en pu\u00e9riculture venus du Royaume-Uni d\u00e9couvrent ce mod\u00e8le lors d\u2019un voyage d\u2019\u00e9tude au Danemark, et d\u00e9cident de l\u2019importer chez eux. Depuis, ce mod\u00e8le a connu un grand succ\u00e8s au Royaume-Uni, o\u00f9 il existe de tr\u00e8s nombreux Forest Schools par ateliers. Particuliers, \u00e9coles, centres a\u00e9r\u00e9s, se rendent dans les Forest Schools pour retrouver une connexion avec la nature.<\/p><figure class=\"wp-block-image alignright is-resized\"><img loading=\"lazy\" decoding=\"async\" src=\"http:\/\/editionsdespetitspas.com\/wp-content\/uploads\/2018\/12\/IMG_1758-200x300.jpg\" alt=\"Forest School \u00e9pisode 5\" class=\"wp-image-91\" width=\"215\" height=\"322\" srcset=\"https:\/\/editionsdespetitspas.com\/wp-content\/uploads\/2018\/12\/IMG_1758-200x300.jpg 200w, https:\/\/editionsdespetitspas.com\/wp-content\/uploads\/2018\/12\/IMG_1758-484x726.jpg 484w, https:\/\/editionsdespetitspas.com\/wp-content\/uploads\/2018\/12\/IMG_1758-768x1152.jpg 768w, https:\/\/editionsdespetitspas.com\/wp-content\/uploads\/2018\/12\/IMG_1758-683x1024.jpg 683w, https:\/\/editionsdespetitspas.com\/wp-content\/uploads\/2018\/12\/IMG_1758.jpg 1536w\" sizes=\"auto, (max-width: 215px) 100vw, 215px\" \/><\/figure><h4 class=\"wp-block-heading\"><strong>Que font les enfants dans une Forest School&nbsp;? <\/strong><\/h4><p>Ils jouent&nbsp;! L\u2019objectif est que les enfants d\u00e9veloppent leur r\u00e9pertoire de jeu libre (pour en savoir plus sur le jeu, \u00e9coutez <a href=\"http:\/\/editionsdespetitspas.com\/index.php\/2018\/12\/16\/podcast-des-petits-pas-episode-1-le-jeu\/\">notre podcast consacr\u00e9 \u00e0 ce sujet<\/a>). On laisse les enfants interagir ensemble, librement, dans la for\u00eat. Loin des classes ferm\u00e9es o\u00f9 r\u00e8gne la loi des adultes, expos\u00e9s \u00e0 une nature moins polic\u00e9e, les enfants d\u00e9veloppent entre eux de nouvelles comp\u00e9tences sociales. L\u2019adulte propose des activit\u00e9s, sans imposer&nbsp;; il reste disponible si les enfants ont besoin d\u2019un conseil, pour d\u00e9velopper un savoir-faire ou proposer une ressource (outil, mat\u00e9riel).&nbsp;<\/p><h4 class=\"wp-block-heading\"><strong>Quelle est la diff\u00e9rence entre l\u2019animation nature et une Forest School&nbsp;?<\/strong><\/h4><p> L\u2019\u00e9ducation nature d\u00e9veloppe la connaissance et le savoir faire dans la nature, et obtient comme produit associ\u00e9&nbsp;le d\u00e9veloppement de la confiance en soi et de la r\u00e9silience. Pour les Forest Schools c\u2019est l\u2019inverse&nbsp;: le but principal est le d\u00e9veloppement des comp\u00e9tences inter et intra personnelles, et l\u2019objectif associ\u00e9 est le d\u00e9veloppement des connaissances et savoir-faire dans la nature. L\u2019approche p\u00e9dagogique favorise le jeu libre et la prise (mesur\u00e9e) de risques, gr\u00e2ce au positionnement tr\u00e8s sp\u00e9cifique de l\u2019adulte, aux syst\u00e8mes de communication mis en place, et aux rituels existants (cercle d\u2019accueil par exemple).&nbsp;&nbsp;<\/p><p><strong>Et quand arrivent l\u2019hiver et le mauvais temps?<\/strong> \u00ab&nbsp;Il n\u2019y a pas de mauvais temps, il n\u2019y a que de mauvais v\u00eatements&nbsp;\u00bb, disait Charlotte Mason. Le froid, le mauvais temps sont source de nombreux apprentissages. Les enfants apprennent \u00e0 changer leur attitude vis-\u00e0-vis des \u00e9l\u00e9ments, \u00e0 les conna\u00eetre et \u00e0 s\u2019y adapter plut\u00f4t que s\u2019y soustraire. Ces situations un peu moins confortables permettent aux enfants de prendre confiance en eux, de se reconnecter \u00e0 leur corps.&nbsp;<\/p><figure class=\"wp-block-image alignleft\"><img loading=\"lazy\" decoding=\"async\" width=\"200\" height=\"300\" src=\"http:\/\/editionsdespetitspas.com\/wp-content\/uploads\/2019\/01\/IMG_2040-200x300.jpg\" alt=\"Forest School episode 5\" class=\"wp-image-293\" srcset=\"https:\/\/editionsdespetitspas.com\/wp-content\/uploads\/2019\/01\/IMG_2040-200x300.jpg 200w, https:\/\/editionsdespetitspas.com\/wp-content\/uploads\/2019\/01\/IMG_2040-484x726.jpg 484w, https:\/\/editionsdespetitspas.com\/wp-content\/uploads\/2019\/01\/IMG_2040-768x1152.jpg 768w, https:\/\/editionsdespetitspas.com\/wp-content\/uploads\/2019\/01\/IMG_2040-683x1024.jpg 683w, https:\/\/editionsdespetitspas.com\/wp-content\/uploads\/2019\/01\/IMG_2040-1320x1980.jpg 1320w, https:\/\/editionsdespetitspas.com\/wp-content\/uploads\/2019\/01\/IMG_2040.jpg 1536w\" sizes=\"auto, (max-width: 200px) 100vw, 200px\" \/><\/figure><p>Les Forest Schools se pr\u00eatent id\u00e9alement \u00e0 l\u2019accueil d\u2019<strong>enfants ou de groupes d\u2019enfants fragiles<\/strong>. Julie nous donne l\u2019exemple de rem\u00e9diation scolaire au Royaume-Uni, o\u00f9 certains enfants sont accueillis en Forest Schools une journ\u00e9e par semaine pendant toute l\u2019ann\u00e9e scolaire pour se reconstruire. Les enfants \u00ab&nbsp;moyens&nbsp;\u00bb, ceux qui ne sont ni bons ni mauvais \u00e0 l\u2019\u00e9cole, un peu timides, ceux auxquels on n\u2019a pas l\u2019occasion de consacrer du temps, b\u00e9n\u00e9ficient aussi immens\u00e9ment de s\u00e9jours en Forest Schools, o\u00f9 ils apprennent \u00e0 d\u00e9velopper leur assurance. Cette approche holistique permet de nourrir tous les aspects de la personnalit\u00e9 des enfants, pas uniquement leurs progr\u00e8s acad\u00e9miques.<\/p><h3 class=\"wp-block-heading\">Comment monter une Forest School&nbsp;?<\/h3><p>Les Forest Schools se multiplient en France&nbsp;depuis quelques mois&nbsp;! Le <a href=\"https:\/\/www.reseau-pedagogie-nature.org\">RPPN<\/a> (R\u00e9seau de la P\u00e9dagogie par la Nature) compte une petite centaine de membres, dont environ la moiti\u00e9 sont porteurs de projets. Il y aurait environ une vingtaine de Forest Schools en activit\u00e9 en France.&nbsp;&nbsp;Au Qu\u00e9bec&nbsp;il y en a plusieurs, dont trois juste \u00e0 Montr\u00e9al&nbsp;(par exemple <a href=\"https:\/\/www.lemontroyal.qc.ca\/fr\/activites\/enfants-et-familles\/l-ecole-de-la-foret-sur-le-mont-royal\">l&rsquo;Ecole de la For\u00eat<\/a> sur le Mont-Royal).<\/p><figure class=\"wp-block-image alignright\"><img loading=\"lazy\" decoding=\"async\" width=\"200\" height=\"300\" src=\"http:\/\/editionsdespetitspas.com\/wp-content\/uploads\/2019\/01\/IMG_2037-200x300.jpg\" alt=\"Forest School \u00e9pisode 5\" class=\"wp-image-297\" srcset=\"https:\/\/editionsdespetitspas.com\/wp-content\/uploads\/2019\/01\/IMG_2037-200x300.jpg 200w, https:\/\/editionsdespetitspas.com\/wp-content\/uploads\/2019\/01\/IMG_2037-484x726.jpg 484w, https:\/\/editionsdespetitspas.com\/wp-content\/uploads\/2019\/01\/IMG_2037-768x1152.jpg 768w, https:\/\/editionsdespetitspas.com\/wp-content\/uploads\/2019\/01\/IMG_2037-683x1024.jpg 683w, https:\/\/editionsdespetitspas.com\/wp-content\/uploads\/2019\/01\/IMG_2037-1320x1980.jpg 1320w, https:\/\/editionsdespetitspas.com\/wp-content\/uploads\/2019\/01\/IMG_2037.jpg 1536w\" sizes=\"auto, (max-width: 200px) 100vw, 200px\" \/><\/figure><p>Pour monter une Forest School, il faut <strong>un terrain<\/strong>, qui peut \u00eatre priv\u00e9 ou public ( dans ce dernier cas, il faut se renseigner sur les r\u00e8glements et modalit\u00e9s aupr\u00e8s des collectivit\u00e9s locales, en particulier si on souhaite faire du feu). Le terrain doit \u00eatre \u00ab&nbsp;si possible bois\u00e9, mais en tout cas inspirant&nbsp;\u00bb&nbsp;; rien n\u2019emp\u00eache donc d\u2019imaginer une Forest School sur un littoral ou au bord d\u2019un lac, mais il est vrai que la for\u00eat est riche en mat\u00e9riaux \/ ressources et en potentiels. Ceci dit, on fait les compromis n\u00e9cessaires&nbsp;! L\u2019approche p\u00e9dagogique peut se mettre en place n\u2019importe o\u00f9.<\/p><h4 class=\"wp-block-heading\"><strong>Comment apprend-on cette approche p\u00e9dagogique&nbsp;?<\/strong> <\/h4><p>En Angleterre, il existe une formation d\u2019un an, accessible d\u00e8s qu\u2019on a le bac et de l\u2019exp\u00e9rience avec les enfants. Elle couvre tant les aspects th\u00e9oriques (d\u00e9veloppement de l\u2019enfant, approche p\u00e9dagogique) que pratiques (comment apprendre \u00e0 un enfant \u00e0 se servir d\u2019outils, comment acqu\u00e9rir et transmettre les savoir faire), ainsi que la gestion foresti\u00e8re et l\u2019impact sur l\u2019environnement. En France rien de tel n\u2019existe actuellement, mais le RPPN projette d\u2019en proposer une dans les deux ans. Le premier module de formation, \u00ab Introduction \u00e0 la p\u00e9dagogie par la nature&nbsp;\u00bb, existe d\u00e9j\u00e0&nbsp;: il couvre l\u2019utilisation d\u2019outils, l\u2019allumage de feu, l\u2019analyse de risques (on ne fait pas prendre n\u2019importe quel risque aux enfants). <a href=\"https:\/\/www.reseau-pedagogie-nature.org\/blog\/formation-introduction-\u00e0-la-ppn\">Les prochaines sessions auront lieu du 19 au 21 avril 2019 dans la Dr\u00f4me, et du 19 au 21 juillet en Bretagne<\/a>.&nbsp;<\/p><h4 class=\"wp-block-heading\"><strong>Pour en savoir plus<\/strong> sur les Forest Schools<\/h4><p>N\u2019h\u00e9sitez pas \u00e0 visiter <a href=\"https:\/\/www.reseau-pedagogie-nature.org\/ressources\">la page ressource du RPPN<\/a>&nbsp;o\u00f9 vous pourrez retrouver une riche bibliographie sur le sujet.<\/p><figure class=\"wp-block-image alignleft\"><a href=\"www.autourdufeu.org\" target=\"_blank\" rel=\"noreferrer noopener\"><img loading=\"lazy\" decoding=\"async\" width=\"190\" height=\"190\" src=\"http:\/\/editionsdespetitspas.com\/wp-content\/uploads\/2019\/01\/Logo-fond-transparent.png\" alt=\"logo autour du feu forest school\" class=\"wp-image-289\" srcset=\"https:\/\/editionsdespetitspas.com\/wp-content\/uploads\/2019\/01\/Logo-fond-transparent.png 190w, https:\/\/editionsdespetitspas.com\/wp-content\/uploads\/2019\/01\/Logo-fond-transparent-100x100.png 100w, https:\/\/editionsdespetitspas.com\/wp-content\/uploads\/2019\/01\/Logo-fond-transparent-150x150.png 150w\" sizes=\"auto, (max-width: 190px) 100vw, 190px\" \/><\/a><\/figure><p><a href=\"http:\/\/www.autourdufeu.org\"><em>La Forest school \u00ab&nbsp;Autour du Feu&nbsp;\u00bb<\/em><\/a><em> s\u2019est install\u00e9e en Bretagne, dans le Finist\u00e8re, en septembre 2018. Julie, \u00e9ducatrice voyageuse de 38 ans, r\u00eavait d\u2019importer le concept de Forest School, qu\u2019elle pratiquait au Royaume-Uni, dans son pays natal. L\u2019association propose des ateliers \u00e0 diff\u00e9rentes populations&nbsp;: groupes d\u2019enfants instruits en famille (IEF), groupe parental pour les 0-5 ans (o\u00f9 sont pr\u00e9sents parents et grand-parents, ce qui permet de beaux partages interg\u00e9n\u00e9rationnels), ateliers 6-13 ans (sans les parents), qui a aussi lieu deux fois par mois en anglais. \u00ab&nbsp;Autour du Feu&nbsp;\u00bb commence \u00e0 travailler avec des \u00e9coles, un centre a\u00e9r\u00e9 (2 jours par petites vacances), un lyc\u00e9e technique (b\u00e9n\u00e9volat et observation des ateliers), et bient\u00f4t avec un coll\u00e8ge et d\u2019autres institutions et autres acteurs locaux. On peut retrouver \u00ab&nbsp;Autour du Feu&nbsp;\u00bb <\/em><a href=\"http:\/\/www.autourdufeu.org\"><em>sur son site Internet<\/em><\/a><em>, sur <\/em><a href=\"https:\/\/www.facebook.com\/Autourdufeudecamp\/\"><em>Facebook<\/em><\/a><em>&nbsp; et sur <\/em><a href=\"https:\/\/www.instagram.com\/autour_du_feu\/?hl=fr\"><em>Instagram.<\/em><\/a><\/p><figure class=\"wp-block-image alignright\"><a href=\"https:\/\/www.reseau-pedagogie-nature.org\" target=\"_blank\" rel=\"noreferrer noopener\"><img loading=\"lazy\" decoding=\"async\" width=\"198\" height=\"166\" src=\"http:\/\/editionsdespetitspas.com\/wp-content\/uploads\/2019\/01\/Capture-d\u2019\u00e9cran-2019-01-22-\u00e0-22.55.36.png\" alt=\"logo RPPN forest school\" class=\"wp-image-290\" srcset=\"https:\/\/editionsdespetitspas.com\/wp-content\/uploads\/2019\/01\/Capture-d\u2019\u00e9cran-2019-01-22-\u00e0-22.55.36.png 198w, https:\/\/editionsdespetitspas.com\/wp-content\/uploads\/2019\/01\/Capture-d\u2019\u00e9cran-2019-01-22-\u00e0-22.55.36-100x84.png 100w\" sizes=\"auto, (max-width: 198px) 100vw, 198px\" \/><\/a><\/figure><p><em>Le <\/em><a href=\"https:\/\/www.reseau-pedagogie-nature.org\"><em>RPPN (R\u00e9seau de la P\u00e9dagogie par la Nature<\/em><\/a><em>, ou r\u00e9seau des Forest Schools) a pour objectifs de regrouper et recenser les Forest Schools fran\u00e7aises, de mutualiser les ressources et de partager les avanc\u00e9es avec les porteurs de projets. A terme, il s\u2019agit de d\u00e9velopper et faire reconna\u00eetre une profession, nourrir le d\u00e9bat, soutenir la visibilit\u00e9 des Forest Schools en participant \u00e0 des festivals et en \u00e9tant en lien avec d\u2019autres r\u00e9seaux (Ecole et Nature par exemple). <\/em><a href=\"https:\/\/www.reseau-pedagogie-nature.org\"><em>Le site du RPPN<\/em><\/a><em>&nbsp;est incontournable pour en apprendre plus sur le sujet des Forest Schools.<\/em><\/p><p>On se retrouve la semaine prochaine pour un nouvel \u00e9pisode du Podcast des Petits Pas! A bient\u00f4t \ud83d\ude42<\/p>","protected":false},"excerpt":{"rendered":"<p>Bonjour chers auditeurs et chers lecteurs&nbsp;! Le d\u00e9but d\u2019ann\u00e9e a \u00e9t\u00e9 marqu\u00e9 chez nous par des f\u00eates de famille et de tr\u00e8s (trop) nombreux virus, d\u2019o\u00f9 une petite d\u00e9faillance dans le rythme de publication des podcasts\u2026 pour nous faire pardonner et vous remercier de votre patience nous vous offrons cette semaine un \u00e9pisode double. Et [&hellip;]<\/p>\n","protected":false},"author":2,"featured_media":295,"comment_status":"open","ping_status":"open","sticky":false,"template":"","format":"standard","meta":{"site-sidebar-layout":"default","site-content-layout":"","ast-site-content-layout":"","site-content-style":"default","site-sidebar-style":"default","ast-global-header-display":"","ast-banner-title-visibility":"","ast-main-header-display":"","ast-hfb-above-header-display":"","ast-hfb-below-header-display":"","ast-hfb-mobile-header-display":"","site-post-title":"","ast-breadcrumbs-content":"","ast-featured-img":"","footer-sml-layout":"","theme-transparent-header-meta":"","adv-header-id-meta":"","stick-header-meta":"","header-above-stick-meta":"","header-main-stick-meta":"","header-below-stick-meta":"","astra-migrate-meta-layouts":"default","ast-page-background-enabled":"default","ast-page-background-meta":{"desktop":{"background-color":"var(--ast-global-color-4)","background-image":"","background-repeat":"repeat","background-position":"center center","background-size":"auto","background-attachment":"scroll","background-type":"","background-media":"","overlay-type":"","overlay-color":"","overlay-opacity":"","overlay-gradient":""},"tablet":{"background-color":"","background-image":"","background-repeat":"repeat","background-position":"center center","background-size":"auto","background-attachment":"scroll","background-type":"","background-media":"","overlay-type":"","overlay-color":"","overlay-opacity":"","overlay-gradient":""},"mobile":{"background-color":"","background-image":"","background-repeat":"repeat","background-position":"center center","background-size":"auto","background-attachment":"scroll","background-type":"","background-media":"","overlay-type":"","overlay-color":"","overlay-opacity":"","overlay-gradient":""}},"ast-content-background-meta":{"desktop":{"background-color":"var(--ast-global-color-5)","background-image":"","background-repeat":"repeat","background-position":"center center","background-size":"auto","background-attachment":"scroll","background-type":"","background-media":"","overlay-type":"","overlay-color":"","overlay-opacity":"","overlay-gradient":""},"tablet":{"background-color":"var(--ast-global-color-5)","background-image":"","background-repeat":"repeat","background-position":"center center","background-size":"auto","background-attachment":"scroll","background-type":"","background-media":"","overlay-type":"","overlay-color":"","overlay-opacity":"","overlay-gradient":""},"mobile":{"background-color":"var(--ast-global-color-5)","background-image":"","background-repeat":"repeat","background-position":"center center","background-size":"auto","background-attachment":"scroll","background-type":"","background-media":"","overlay-type":"","overlay-color":"","overlay-opacity":"","overlay-gradient":""}},"_jetpack_memberships_contains_paid_content":false,"footnotes":""},"categories":[58,59,3,64],"tags":[69,15,71,70,65,52,68,67,53,66],"class_list":["post-287","post","type-post","status-publish","format-standard","has-post-thumbnail","hentry","category-charlotte-mason","category-pedagogie-par-la-nature","category-podcast","category-steiner","tag-apprentissage","tag-education","tag-educationalternative","tag-educationparlanature","tag-forestschool","tag-nature","tag-natureplay","tag-natureschool","tag-outdoors","tag-wildschooling"],"yoast_head":"<!-- This site is optimized with the Yoast SEO plugin v24.3 - https:\/\/yoast.com\/wordpress\/plugins\/seo\/ -->\n<title>Les Forest Schools (\u00e9pisode 5) - Editions des Petits Pas<\/title>\n<meta name=\"description\" content=\"Dans cet \u00e9pisode, Julie nous pr\u00e9sente les Forest Schools, ateliers en pleine for\u00eat pour apprendre l&#039;autonomie et la confiance.\" \/>\n<meta name=\"robots\" content=\"index, follow, max-snippet:-1, max-image-preview:large, max-video-preview:-1\" \/>\n<link rel=\"canonical\" href=\"https:\/\/editionsdespetitspas.com\/index.php\/2019\/01\/23\/forest-schools-episode-5\/\" \/>\n<meta property=\"og:locale\" content=\"fr_FR\" \/>\n<meta property=\"og:type\" content=\"article\" \/>\n<meta property=\"og:title\" content=\"Les Forest Schools (\u00e9pisode 5) - Editions des Petits Pas\" \/>\n<meta property=\"og:description\" content=\"Dans cet \u00e9pisode, Julie nous pr\u00e9sente les Forest Schools, ateliers en pleine for\u00eat pour apprendre l&#039;autonomie et la confiance.\" \/>\n<meta property=\"og:url\" content=\"https:\/\/editionsdespetitspas.com\/index.php\/2019\/01\/23\/forest-schools-episode-5\/\" \/>\n<meta property=\"og:site_name\" content=\"Editions des Petits Pas\" \/>\n<meta property=\"article:publisher\" content=\"https:\/\/www.facebook.com\/editionsdespetitspas\" \/>\n<meta property=\"article:published_time\" content=\"2019-01-23T12:49:31+00:00\" \/>\n<meta property=\"article:modified_time\" content=\"2023-12-29T13:39:33+00:00\" \/>\n<meta property=\"og:image\" content=\"https:\/\/editionsdespetitspas.com\/wp-content\/uploads\/2019\/01\/IMG_2046-1024x683.jpg\" \/>\n\t<meta property=\"og:image:width\" content=\"1024\" \/>\n\t<meta property=\"og:image:height\" content=\"683\" \/>\n\t<meta property=\"og:image:type\" content=\"image\/jpeg\" \/>\n<meta name=\"author\" content=\"Editions des Petits Pas\" \/>\n<meta name=\"twitter:card\" content=\"summary_large_image\" \/>\n<meta name=\"twitter:label1\" content=\"\u00c9crit par\" \/>\n\t<meta name=\"twitter:data1\" content=\"Editions des Petits Pas\" \/>\n\t<meta name=\"twitter:label2\" content=\"Dur\u00e9e de lecture estim\u00e9e\" \/>\n\t<meta name=\"twitter:data2\" content=\"8 minutes\" \/>\n<script type=\"application\/ld+json\" class=\"yoast-schema-graph\">{\"@context\":\"https:\/\/schema.org\",\"@graph\":[{\"@type\":\"Article\",\"@id\":\"https:\/\/editionsdespetitspas.com\/index.php\/2019\/01\/23\/forest-schools-episode-5\/#article\",\"isPartOf\":{\"@id\":\"https:\/\/editionsdespetitspas.com\/index.php\/2019\/01\/23\/forest-schools-episode-5\/\"},\"author\":{\"name\":\"Editions des Petits Pas\",\"@id\":\"https:\/\/editionsdespetitspas.com\/#\/schema\/person\/cf4be95810b57d30319fc820e05542de\"},\"headline\":\"A l&rsquo;\u00e9cole de la for\u00eat (\u00e9pisode #5)\",\"datePublished\":\"2019-01-23T12:49:31+00:00\",\"dateModified\":\"2023-12-29T13:39:33+00:00\",\"mainEntityOfPage\":{\"@id\":\"https:\/\/editionsdespetitspas.com\/index.php\/2019\/01\/23\/forest-schools-episode-5\/\"},\"wordCount\":1453,\"commentCount\":6,\"publisher\":{\"@id\":\"https:\/\/editionsdespetitspas.com\/#organization\"},\"image\":{\"@id\":\"https:\/\/editionsdespetitspas.com\/index.php\/2019\/01\/23\/forest-schools-episode-5\/#primaryimage\"},\"thumbnailUrl\":\"https:\/\/editionsdespetitspas.com\/wp-content\/uploads\/2019\/01\/IMG_2046.jpg\",\"keywords\":[\"apprentissage\",\"education\",\"educationalternative\",\"educationparlanature\",\"forestschool\",\"nature\",\"natureplay\",\"natureschool\",\"outdoors\",\"wildschooling\"],\"articleSection\":[\"Charlotte Mason\",\"P\u00e9dagogie par la nature\",\"Podcast des Petits Pas\",\"Waldorf Steiner\"],\"inLanguage\":\"fr-FR\",\"potentialAction\":[{\"@type\":\"CommentAction\",\"name\":\"Comment\",\"target\":[\"https:\/\/editionsdespetitspas.com\/index.php\/2019\/01\/23\/forest-schools-episode-5\/#respond\"]}]},{\"@type\":\"WebPage\",\"@id\":\"https:\/\/editionsdespetitspas.com\/index.php\/2019\/01\/23\/forest-schools-episode-5\/\",\"url\":\"https:\/\/editionsdespetitspas.com\/index.php\/2019\/01\/23\/forest-schools-episode-5\/\",\"name\":\"Les Forest Schools (\u00e9pisode 5) - Editions des Petits Pas\",\"isPartOf\":{\"@id\":\"https:\/\/editionsdespetitspas.com\/#website\"},\"primaryImageOfPage\":{\"@id\":\"https:\/\/editionsdespetitspas.com\/index.php\/2019\/01\/23\/forest-schools-episode-5\/#primaryimage\"},\"image\":{\"@id\":\"https:\/\/editionsdespetitspas.com\/index.php\/2019\/01\/23\/forest-schools-episode-5\/#primaryimage\"},\"thumbnailUrl\":\"https:\/\/editionsdespetitspas.com\/wp-content\/uploads\/2019\/01\/IMG_2046.jpg\",\"datePublished\":\"2019-01-23T12:49:31+00:00\",\"dateModified\":\"2023-12-29T13:39:33+00:00\",\"description\":\"Dans cet \u00e9pisode, Julie nous pr\u00e9sente les Forest Schools, ateliers en pleine for\u00eat pour apprendre l'autonomie et la confiance.\",\"breadcrumb\":{\"@id\":\"https:\/\/editionsdespetitspas.com\/index.php\/2019\/01\/23\/forest-schools-episode-5\/#breadcrumb\"},\"inLanguage\":\"fr-FR\",\"potentialAction\":[{\"@type\":\"ReadAction\",\"target\":[\"https:\/\/editionsdespetitspas.com\/index.php\/2019\/01\/23\/forest-schools-episode-5\/\"]}]},{\"@type\":\"ImageObject\",\"inLanguage\":\"fr-FR\",\"@id\":\"https:\/\/editionsdespetitspas.com\/index.php\/2019\/01\/23\/forest-schools-episode-5\/#primaryimage\",\"url\":\"https:\/\/editionsdespetitspas.com\/wp-content\/uploads\/2019\/01\/IMG_2046.jpg\",\"contentUrl\":\"https:\/\/editionsdespetitspas.com\/wp-content\/uploads\/2019\/01\/IMG_2046.jpg\",\"width\":2304,\"height\":1536},{\"@type\":\"BreadcrumbList\",\"@id\":\"https:\/\/editionsdespetitspas.com\/index.php\/2019\/01\/23\/forest-schools-episode-5\/#breadcrumb\",\"itemListElement\":[{\"@type\":\"ListItem\",\"position\":1,\"name\":\"Accueil\",\"item\":\"https:\/\/editionsdespetitspas.com\/\"},{\"@type\":\"ListItem\",\"position\":2,\"name\":\"A l&#8217;\u00e9cole de la for\u00eat (\u00e9pisode #5)\"}]},{\"@type\":\"WebSite\",\"@id\":\"https:\/\/editionsdespetitspas.com\/#website\",\"url\":\"https:\/\/editionsdespetitspas.com\/\",\"name\":\"Editions des Petits Pas\",\"description\":\"Les p\u00e9dagogies... toutes les p\u00e9dagogies\",\"publisher\":{\"@id\":\"https:\/\/editionsdespetitspas.com\/#organization\"},\"potentialAction\":[{\"@type\":\"SearchAction\",\"target\":{\"@type\":\"EntryPoint\",\"urlTemplate\":\"https:\/\/editionsdespetitspas.com\/?s={search_term_string}\"},\"query-input\":{\"@type\":\"PropertyValueSpecification\",\"valueRequired\":true,\"valueName\":\"search_term_string\"}}],\"inLanguage\":\"fr-FR\"},{\"@type\":\"Organization\",\"@id\":\"https:\/\/editionsdespetitspas.com\/#organization\",\"name\":\"Editions des petits pas\",\"url\":\"https:\/\/editionsdespetitspas.com\/\",\"logo\":{\"@type\":\"ImageObject\",\"inLanguage\":\"fr-FR\",\"@id\":\"https:\/\/editionsdespetitspas.com\/#\/schema\/logo\/image\/\",\"url\":\"https:\/\/editionsdespetitspas.com\/wp-content\/uploads\/2018\/11\/cropped-cropped-cropped-logo_rvb_couleurs_horizontal_edpp-e1544882037341.png\",\"contentUrl\":\"https:\/\/editionsdespetitspas.com\/wp-content\/uploads\/2018\/11\/cropped-cropped-cropped-logo_rvb_couleurs_horizontal_edpp-e1544882037341.png\",\"width\":200,\"height\":109,\"caption\":\"Editions des petits pas\"},\"image\":{\"@id\":\"https:\/\/editionsdespetitspas.com\/#\/schema\/logo\/image\/\"},\"sameAs\":[\"https:\/\/www.facebook.com\/editionsdespetitspas\",\"https:\/\/www.instagram.com\/editions_des_petits_pas\/\"]},{\"@type\":\"Person\",\"@id\":\"https:\/\/editionsdespetitspas.com\/#\/schema\/person\/cf4be95810b57d30319fc820e05542de\",\"name\":\"Editions des Petits Pas\",\"image\":{\"@type\":\"ImageObject\",\"inLanguage\":\"fr-FR\",\"@id\":\"https:\/\/editionsdespetitspas.com\/#\/schema\/person\/image\/\",\"url\":\"https:\/\/secure.gravatar.com\/avatar\/39e80da33a10de08342b30aef904597b?s=96&d=mm&r=g\",\"contentUrl\":\"https:\/\/secure.gravatar.com\/avatar\/39e80da33a10de08342b30aef904597b?s=96&d=mm&r=g\",\"caption\":\"Editions des Petits Pas\"},\"url\":\"https:\/\/editionsdespetitspas.com\/index.php\/author\/editionsdespetitspas\/\"}]}<\/script>\n<!-- \/ Yoast SEO plugin. -->","yoast_head_json":{"title":"Les Forest Schools (\u00e9pisode 5) - Editions des Petits Pas","description":"Dans cet \u00e9pisode, Julie nous pr\u00e9sente les Forest Schools, ateliers en pleine for\u00eat pour apprendre l'autonomie et la confiance.","robots":{"index":"index","follow":"follow","max-snippet":"max-snippet:-1","max-image-preview":"max-image-preview:large","max-video-preview":"max-video-preview:-1"},"canonical":"https:\/\/editionsdespetitspas.com\/index.php\/2019\/01\/23\/forest-schools-episode-5\/","og_locale":"fr_FR","og_type":"article","og_title":"Les Forest Schools (\u00e9pisode 5) - Editions des Petits Pas","og_description":"Dans cet \u00e9pisode, Julie nous pr\u00e9sente les Forest Schools, ateliers en pleine for\u00eat pour apprendre l'autonomie et la confiance.","og_url":"https:\/\/editionsdespetitspas.com\/index.php\/2019\/01\/23\/forest-schools-episode-5\/","og_site_name":"Editions des Petits Pas","article_publisher":"https:\/\/www.facebook.com\/editionsdespetitspas","article_published_time":"2019-01-23T12:49:31+00:00","article_modified_time":"2023-12-29T13:39:33+00:00","og_image":[{"width":1024,"height":683,"url":"https:\/\/editionsdespetitspas.com\/wp-content\/uploads\/2019\/01\/IMG_2046-1024x683.jpg","type":"image\/jpeg"}],"author":"Editions des Petits Pas","twitter_card":"summary_large_image","twitter_misc":{"\u00c9crit par":"Editions des Petits Pas","Dur\u00e9e de lecture estim\u00e9e":"8 minutes"},"schema":{"@context":"https:\/\/schema.org","@graph":[{"@type":"Article","@id":"https:\/\/editionsdespetitspas.com\/index.php\/2019\/01\/23\/forest-schools-episode-5\/#article","isPartOf":{"@id":"https:\/\/editionsdespetitspas.com\/index.php\/2019\/01\/23\/forest-schools-episode-5\/"},"author":{"name":"Editions des Petits Pas","@id":"https:\/\/editionsdespetitspas.com\/#\/schema\/person\/cf4be95810b57d30319fc820e05542de"},"headline":"A l&rsquo;\u00e9cole de la for\u00eat (\u00e9pisode #5)","datePublished":"2019-01-23T12:49:31+00:00","dateModified":"2023-12-29T13:39:33+00:00","mainEntityOfPage":{"@id":"https:\/\/editionsdespetitspas.com\/index.php\/2019\/01\/23\/forest-schools-episode-5\/"},"wordCount":1453,"commentCount":6,"publisher":{"@id":"https:\/\/editionsdespetitspas.com\/#organization"},"image":{"@id":"https:\/\/editionsdespetitspas.com\/index.php\/2019\/01\/23\/forest-schools-episode-5\/#primaryimage"},"thumbnailUrl":"https:\/\/editionsdespetitspas.com\/wp-content\/uploads\/2019\/01\/IMG_2046.jpg","keywords":["apprentissage","education","educationalternative","educationparlanature","forestschool","nature","natureplay","natureschool","outdoors","wildschooling"],"articleSection":["Charlotte Mason","P\u00e9dagogie par la nature","Podcast des Petits Pas","Waldorf Steiner"],"inLanguage":"fr-FR","potentialAction":[{"@type":"CommentAction","name":"Comment","target":["https:\/\/editionsdespetitspas.com\/index.php\/2019\/01\/23\/forest-schools-episode-5\/#respond"]}]},{"@type":"WebPage","@id":"https:\/\/editionsdespetitspas.com\/index.php\/2019\/01\/23\/forest-schools-episode-5\/","url":"https:\/\/editionsdespetitspas.com\/index.php\/2019\/01\/23\/forest-schools-episode-5\/","name":"Les Forest Schools (\u00e9pisode 5) - Editions des Petits Pas","isPartOf":{"@id":"https:\/\/editionsdespetitspas.com\/#website"},"primaryImageOfPage":{"@id":"https:\/\/editionsdespetitspas.com\/index.php\/2019\/01\/23\/forest-schools-episode-5\/#primaryimage"},"image":{"@id":"https:\/\/editionsdespetitspas.com\/index.php\/2019\/01\/23\/forest-schools-episode-5\/#primaryimage"},"thumbnailUrl":"https:\/\/editionsdespetitspas.com\/wp-content\/uploads\/2019\/01\/IMG_2046.jpg","datePublished":"2019-01-23T12:49:31+00:00","dateModified":"2023-12-29T13:39:33+00:00","description":"Dans cet \u00e9pisode, Julie nous pr\u00e9sente les Forest Schools, ateliers en pleine for\u00eat pour apprendre l'autonomie et la confiance.","breadcrumb":{"@id":"https:\/\/editionsdespetitspas.com\/index.php\/2019\/01\/23\/forest-schools-episode-5\/#breadcrumb"},"inLanguage":"fr-FR","potentialAction":[{"@type":"ReadAction","target":["https:\/\/editionsdespetitspas.com\/index.php\/2019\/01\/23\/forest-schools-episode-5\/"]}]},{"@type":"ImageObject","inLanguage":"fr-FR","@id":"https:\/\/editionsdespetitspas.com\/index.php\/2019\/01\/23\/forest-schools-episode-5\/#primaryimage","url":"https:\/\/editionsdespetitspas.com\/wp-content\/uploads\/2019\/01\/IMG_2046.jpg","contentUrl":"https:\/\/editionsdespetitspas.com\/wp-content\/uploads\/2019\/01\/IMG_2046.jpg","width":2304,"height":1536},{"@type":"BreadcrumbList","@id":"https:\/\/editionsdespetitspas.com\/index.php\/2019\/01\/23\/forest-schools-episode-5\/#breadcrumb","itemListElement":[{"@type":"ListItem","position":1,"name":"Accueil","item":"https:\/\/editionsdespetitspas.com\/"},{"@type":"ListItem","position":2,"name":"A l&#8217;\u00e9cole de la for\u00eat (\u00e9pisode #5)"}]},{"@type":"WebSite","@id":"https:\/\/editionsdespetitspas.com\/#website","url":"https:\/\/editionsdespetitspas.com\/","name":"Editions des Petits Pas","description":"Les p\u00e9dagogies... toutes les p\u00e9dagogies","publisher":{"@id":"https:\/\/editionsdespetitspas.com\/#organization"},"potentialAction":[{"@type":"SearchAction","target":{"@type":"EntryPoint","urlTemplate":"https:\/\/editionsdespetitspas.com\/?s={search_term_string}"},"query-input":{"@type":"PropertyValueSpecification","valueRequired":true,"valueName":"search_term_string"}}],"inLanguage":"fr-FR"},{"@type":"Organization","@id":"https:\/\/editionsdespetitspas.com\/#organization","name":"Editions des petits pas","url":"https:\/\/editionsdespetitspas.com\/","logo":{"@type":"ImageObject","inLanguage":"fr-FR","@id":"https:\/\/editionsdespetitspas.com\/#\/schema\/logo\/image\/","url":"https:\/\/editionsdespetitspas.com\/wp-content\/uploads\/2018\/11\/cropped-cropped-cropped-logo_rvb_couleurs_horizontal_edpp-e1544882037341.png","contentUrl":"https:\/\/editionsdespetitspas.com\/wp-content\/uploads\/2018\/11\/cropped-cropped-cropped-logo_rvb_couleurs_horizontal_edpp-e1544882037341.png","width":200,"height":109,"caption":"Editions des petits pas"},"image":{"@id":"https:\/\/editionsdespetitspas.com\/#\/schema\/logo\/image\/"},"sameAs":["https:\/\/www.facebook.com\/editionsdespetitspas","https:\/\/www.instagram.com\/editions_des_petits_pas\/"]},{"@type":"Person","@id":"https:\/\/editionsdespetitspas.com\/#\/schema\/person\/cf4be95810b57d30319fc820e05542de","name":"Editions des Petits Pas","image":{"@type":"ImageObject","inLanguage":"fr-FR","@id":"https:\/\/editionsdespetitspas.com\/#\/schema\/person\/image\/","url":"https:\/\/secure.gravatar.com\/avatar\/39e80da33a10de08342b30aef904597b?s=96&d=mm&r=g","contentUrl":"https:\/\/secure.gravatar.com\/avatar\/39e80da33a10de08342b30aef904597b?s=96&d=mm&r=g","caption":"Editions des Petits Pas"},"url":"https:\/\/editionsdespetitspas.com\/index.php\/author\/editionsdespetitspas\/"}]}},"jetpack_sharing_enabled":true,"jetpack_featured_media_url":"https:\/\/editionsdespetitspas.com\/wp-content\/uploads\/2019\/01\/IMG_2046.jpg","_links":{"self":[{"href":"https:\/\/editionsdespetitspas.com\/index.php\/wp-json\/wp\/v2\/posts\/287","targetHints":{"allow":["GET"]}}],"collection":[{"href":"https:\/\/editionsdespetitspas.com\/index.php\/wp-json\/wp\/v2\/posts"}],"about":[{"href":"https:\/\/editionsdespetitspas.com\/index.php\/wp-json\/wp\/v2\/types\/post"}],"author":[{"embeddable":true,"href":"https:\/\/editionsdespetitspas.com\/index.php\/wp-json\/wp\/v2\/users\/2"}],"replies":[{"embeddable":true,"href":"https:\/\/editionsdespetitspas.com\/index.php\/wp-json\/wp\/v2\/comments?post=287"}],"version-history":[{"count":9,"href":"https:\/\/editionsdespetitspas.com\/index.php\/wp-json\/wp\/v2\/posts\/287\/revisions"}],"predecessor-version":[{"id":20484,"href":"https:\/\/editionsdespetitspas.com\/index.php\/wp-json\/wp\/v2\/posts\/287\/revisions\/20484"}],"wp:featuredmedia":[{"embeddable":true,"href":"https:\/\/editionsdespetitspas.com\/index.php\/wp-json\/wp\/v2\/media\/295"}],"wp:attachment":[{"href":"https:\/\/editionsdespetitspas.com\/index.php\/wp-json\/wp\/v2\/media?parent=287"}],"wp:term":[{"taxonomy":"category","embeddable":true,"href":"https:\/\/editionsdespetitspas.com\/index.php\/wp-json\/wp\/v2\/categories?post=287"},{"taxonomy":"post_tag","embeddable":true,"href":"https:\/\/editionsdespetitspas.com\/index.php\/wp-json\/wp\/v2\/tags?post=287"}],"curies":[{"name":"wp","href":"https:\/\/api.w.org\/{rel}","templated":true}]}}